{"id":1405,"date":"2020-10-27T16:20:22","date_gmt":"2020-10-27T15:20:22","guid":{"rendered":"http:\/\/clementlazuech.com\/?p=1405"},"modified":"2020-10-27T16:24:24","modified_gmt":"2020-10-27T15:24:24","slug":"cultivonslessaveursdeurope","status":"publish","type":"post","link":"https:\/\/clementlazuech.com\/index.php\/2020\/10\/27\/cultivonslessaveursdeurope\/","title":{"rendered":"CuTE, Cultivons les saveurs d&rsquo;Europe !"},"content":{"rendered":"<p>Vous savez aujourd\u2019hui \u00e0 quel point il est important pour moi de cuisiner et manger des <strong>produits de qualit\u00e9<\/strong>.<br \/>\nTous les jours j\u2019essaie au maximum de consommer des <strong>produits de saison<\/strong> et surtout <strong>Made in France<\/strong> cependant je dois avouer qu\u2019il m\u2019arrive parfois de manger des <strong>tomates<\/strong> en Janvier ou des pommes en Juin\u2026<br \/>\nNous sommes tous humains et c\u2019est normal d\u2019avoir des envies tout au long de l\u2019ann\u00e9e non ?<\/p>\n<p>Est-ce que vous connaissez le programme <a href=\"https:\/\/www.fruitvegetableseurope.eu\/fr\/\"><strong>\u00ab CuTE \u00bb qui est un acronyme de \u00ab Cultivons la saveur d\u2019Europe \u00bb<\/strong><\/a> ?<br \/>\nCe programme a \u00e9t\u00e9 mis en place afin d\u2019informer les consommateurs europ\u00e9ens sur les avantages <strong>des fruits et l\u00e9gumes cultiv\u00e9s sous serres et en plein air en Europe.<\/strong><\/p>\n<p>Certaines personnes peuvent avoir des pens\u00e9es n\u00e9gatives sur le sujet mais malgr\u00e9 les id\u00e9es re\u00e7ues, ces techniques sont tr\u00e8s efficaces et gaspilles tr\u00e8s peu d\u2019eau. Elles permettent notamment :<\/p>\n<p>\u2022\u00a0 D\u2019obtenir <strong>qualit\u00e9, vari\u00e9t\u00e9 et fra\u00eecheur<\/strong> des fruits et l\u00e9gumes d\u2019Europe.<br \/>\n\u2022\u00a0 S\u00e9curit\u00e9 alimentaire, durabilit\u00e9, respect de l\u2019environnement et tra\u00e7abilit\u00e9 du mod\u00e8le europ\u00e9en de production.<br \/>\n\u2022\u00a0 Des production durables, aussi bien en plein air que dans les serres.<\/p>\n<p>La<strong> culture sous serre<\/strong> est donc responsable en plusieurs points. En effet de nombreux efforts ont \u00e9t\u00e9 mis en faveur d\u2019une <strong>\u00e9conomie circulaire<\/strong>. Deux exemples concrets : la <strong>r\u00e9duction de plastique<\/strong> et la revalorisation des plants qui permet d\u2019utiliser des fibres pour la production de textiles et des pigments pour les colorants.<\/p>\n<p><a href=\"https:\/\/www.fruitvegetableseurope.eu\/fr\/\">Cette campagne pleine de bon sens<\/a> souhaite tout simplement inciter les Europ\u00e9ens \u00e0 changer leurs habitudes de consommation et \u00e0 adopter un mode de vie plus sain, en \u00e9duquant les futurs consommateurs, les \u00e9coliers et en informant le grand public, le tout pour cultiver une vie meilleure.<\/p>\n<p>Donc pour conclure, il est pr\u00e9f\u00e9rable de privil\u00e9gier <strong>des fruits et l\u00e9gumes fran\u00e7ais et\/ou europ\u00e9ens<\/strong>, cultiv\u00e9s en plein air ou en serre plut\u00f4t que des produits qui traversent la terre enti\u00e8re avant de finir dans nos assiettes.<\/p>\n\t\r\n    <style>\r\n    #slgf_1404 .b-link-stroke .b-top-line{\r\n        background: rgba(10, 194, 210, 0.5);\r\n    }\r\n    #slgf_1404 .b-link-stroke .b-bottom-line{\r\n        background: rgba(10, 194, 210, 0.5);\r\n    }\r\n\r\n    #slgf_1404 .b-wrapper{\r\n        font-family:Arial; \/\/ real name pass here\r\n    }\r\n\t@media (min-width: 992px){\r\n\t\t#slgf_1404 .col-md-6 {\r\n\t\t\twidth: 49.97% !important;\r\n\t\t}\r\n\t\t#slgf_1404 .col-md-4 {\r\n\t\t\twidth: 33.30% !important;\r\n\t\t}\r\n\t\t#slgf_1404 .col-md-3 {\r\n\t\t\twidth: 24.90% !important;\r\n\t\t}\r\n\t\t#slgf_1404 .col-md-2 {\r\n\t\t\twidth: 16.60% !important;\r\n\t\t}\r\n\t}\r\n\t#slgf_1404 .slgf_home_portfolio_caption{\r\n\t\tbackground:#FFFFFF;\r\n\t}\r\n\t#slgf_1404 .slgf_home_portfolio_caption h3{\r\n\t\tcolor:#000000;\r\n\t}\r\n\t\t#slgf_1404 .slgf_home_portfolio_caption {\r\n\t\t\tborder-bottom: none !important;\r\n\t\t}\r\n\t\t\r\n\t    <\/style>\r\n\r\n    \r\n    <div  class=\"gal-container\" id=\"slgf_1404\">\r\n\t\t\t\t\t<!--get the post id-->\r\n\t\t\t\r\n\t\t\t\t<!--Gallery Title-->\r\n\t\t\t\t\t\t\t\t\r\n\t\t\t\t<div class=\"gallery1\">\r\n\t\t\t\t\t\t\t\t\t\t\t<div class=\"col-md-6 col-sm-6 wl-gallery\" >\r\n\t\t\t\t\t\t\t<div class=\"img-box-shadow\">\r\n\t\t\t\t\t\t\t\t\r\n\t\t\t\t\t\t\t\t\t\t\t\t\t\t\t\t<a title=\"\" class=\"swipebox_1404\"  href=\"http:\/\/clementlazuech.com\/wp-content\/uploads\/2020\/10\/EAAAF097-A6E0-426E-BDCC-EC0425E58D78.jpg\">\r\n\t\t\t\t\t\t\t\t\t<div class=\"b-link-stroke b-animate-go\">\r\n\t\t\t\t\t\t\t\t\t\t<img src=\"http:\/\/clementlazuech.com\/wp-content\/uploads\/2020\/10\/EAAAF097-A6E0-426E-BDCC-EC0425E58D78-500x500.jpg\" class=\"gall-img-responsive\" alt=\"cultivons la saveur d&#039;europe\">\r\n\t\t\t\t\t\t\t\t\t<\/div>\r\n\t\t\t\t\t\t\t\t<\/a>\r\n\r\n\t\t\t\t\t\t\t\t<!--Gallery Label-->\r\n\t\t\t\t\t\t\t\t\t\t\t\t\t\t\t<\/div>\r\n\t\t\t\t\t\t<\/div>\r\n\t\t\t\t\t\t\t\t\t\t<\/div>\r\n\t\t    <\/div>\r\n\r\n\t<!-- Swipe Box-->\r\n\t<script type=\"text\/javascript\">\r\n\tjQuery(document).ready(function(){\r\n\t\t;( function( jQuery ) {\r\n\t\t\tjQuery( '.swipebox_1404' ).swipebox({\r\n\t\t\t\t\t\t\thideBarsDelay:0,\r\n\t\t\t\t\t\t\thideBarsOnMobile: false,\r\n\t\t\t\t\t\t\thideCloseButtonOnMobile : false, \/\/ true will hide the close button on mobile devices\r\n\t\t\t\t\t\t\tloopAtEnd: true, \/\/ true will return to the first image after the last image is reached\r\n\t\t\t\t\t\t\t\r\n\t\t\t\t\t\t});\r\n\t\t})( jQuery );\r\n\t\r\n\r\n\tjQuery('.gallery1').imagesLoaded( function(){\r\n\t  jQuery('.gallery1').masonry({\r\n\t   itemSelector: '.wl-gallery',\r\n\t   isAnimated: true,\r\n\t   isFitWidth: true\r\n\t  });\r\n\t});\r\n\t});\r\n\t<\/script>\r\n\t\r\n        \n","protected":false},"excerpt":{"rendered":"<p>Vous savez aujourd\u2019hui \u00e0 quel point il est important pour moi de cuisiner et manger des produits de qualit\u00e9. Tous les jours j\u2019essaie au maximum de consommer des produits de saison et surtout Made in France cependant je dois avouer qu\u2019il m\u2019arrive parfois de manger des tomates en Janvier ou des pommes en Juin\u2026 Nous [&hellip;]<\/p>\n","protected":false},"author":1,"featured_media":1402,"comment_status":"closed","ping_status":"open","sticky":false,"template":"","format":"standard","meta":[],"categories":[7],"tags":[],"_links":{"self":[{"href":"https:\/\/clementlazuech.com\/index.php\/wp-json\/wp\/v2\/posts\/1405"}],"collection":[{"href":"https:\/\/clementlazuech.com\/index.php\/wp-json\/wp\/v2\/posts"}],"about":[{"href":"https:\/\/clementlazuech.com\/index.php\/wp-json\/wp\/v2\/types\/post"}],"author":[{"embeddable":true,"href":"https:\/\/clementlazuech.com\/index.php\/wp-json\/wp\/v2\/users\/1"}],"replies":[{"embeddable":true,"href":"https:\/\/clementlazuech.com\/index.php\/wp-json\/wp\/v2\/comments?post=1405"}],"version-history":[{"count":5,"href":"https:\/\/clementlazuech.com\/index.php\/wp-json\/wp\/v2\/posts\/1405\/revisions"}],"predecessor-version":[{"id":1410,"href":"https:\/\/clementlazuech.com\/index.php\/wp-json\/wp\/v2\/posts\/1405\/revisions\/1410"}],"wp:featuredmedia":[{"embeddable":true,"href":"https:\/\/clementlazuech.com\/index.php\/wp-json\/wp\/v2\/media\/1402"}],"wp:attachment":[{"href":"https:\/\/clementlazuech.com\/index.php\/wp-json\/wp\/v2\/media?parent=1405"}],"wp:term":[{"taxonomy":"category","embeddable":true,"href":"https:\/\/clementlazuech.com\/index.php\/wp-json\/wp\/v2\/categories?post=1405"},{"taxonomy":"post_tag","embeddable":true,"href":"https:\/\/clementlazuech.com\/index.php\/wp-json\/wp\/v2\/tags?post=1405"}],"curies":[{"name":"wp","href":"https:\/\/api.w.org\/{rel}","templated":true}]}}